{"id":302,"date":"2025-01-09T15:21:51","date_gmt":"2025-01-09T20:21:51","guid":{"rendered":"https:\/\/asemtur.com.co\/?p=302"},"modified":"2026-04-24T15:52:53","modified_gmt":"2026-04-24T20:52:53","slug":"hola-mundo-3","status":"publish","type":"post","link":"https:\/\/asemtur.com.co\/index.php\/2025\/01\/09\/hola-mundo-3\/","title":{"rendered":"Pereira ajusta tarifas de transporte p\u00fablico"},"content":{"rendered":"\n<p><strong>Nuevos precios para Megab\u00fas, Megacable, buses y taxis<\/strong><\/p>\n\n\n\n<p>A partir del pr\u00f3ximo 16 de enero, los usuarios del sistema de transporte p\u00fablico en Pereira, tendr\u00e1n que pagar un pasaje m\u00ednimo de $3.250 en buses tradicionales, Megab\u00fas y Megacable. As\u00ed lo inform\u00f3 el \u00c1rea Metropolitana Centro Occidente (AMCO) en un anuncio oficial encabezado por su gerente, Claudia C\u00e1rdenas, quien indic\u00f3 que el aumento de la tarifa ser\u00e1 de $300, el ajuste responde a los incrementos en los costos operativos y busca garantizar la sostenibilidad del sistema integrado de transporte.<\/p>\n\n\n\n<p>\u201cHay una resoluci\u00f3n que establece por ley la metodolog\u00eda que se utiliza para tener en cuenta la canasta de costos como el alza combustibles, prestaciones sociales y todos los gastos que ellos tienen en llantas y dem\u00e1s; los empresarios nos hicieron esa solicitud, tener en cuenta esos costos variables y fijos que incurren para generar el transporte p\u00fablico, y uno de esos costos que se tuvo en cuenta fue el alza del combustible que entre enero y diciembre del 2024 tuvo incremento del 12.5 %, y que en enero del 2025 fue de $189, quedando en $10.808 el combustible, esa fue a de las variables que se tuvo en cuenta. Tambi\u00e9n el auxilio del transporte tuvo un incremento del 23 %, lo ten\u00edamos en $160.000 y para este a\u00f1o qued\u00f3 en $200.000, permiti\u00e9ndole al usuario una capacidad de pago, antes compraba 54 pasajes, ahora va a poder acceder a 61 viajes\u201d.<\/p>\n\n\n\n<p>Por su parte, los taxis tambi\u00e9n tendr\u00e1n un incremento en las tarifas. Desde el 3 de febrero, la carrera m\u00ednima pasar\u00e1 de $6.000 a $6.600, aunque se mantendr\u00e1 el valor del banderazo en $1.600, al igual que los recargos actuales.<\/p>\n\n\n\n<p>Sin cambios en los recargos adicionales:<\/p>\n\n\n\n<p>El AMCO aclar\u00f3 que conceptos como los recargos por servicios nocturnos, ingreso o salida del aeropuerto y otros adicionales seguir\u00e1n vigentes con los mismos valores establecidos.<\/p>\n\n\n\n<p>Estas medidas pretenden equilibrar los ingresos de los operadores frente al aumento de los costos de operaci\u00f3n, aunque tambi\u00e9n podr\u00edan representar un reto para los bolsillos de los pereiranos.<\/p>\n","protected":false},"excerpt":{"rendered":"<p>Nuevos precios para Megab\u00fas, Megacable, buses y taxis A partir del pr\u00f3ximo 16 de enero, los usuarios del sistema de [&hellip;]<\/p>\n","protected":false},"author":1,"featured_media":1827,"comment_status":"closed","ping_status":"open","sticky":false,"template":"","format":"standard","meta":{"_uag_custom_page_level_css":"","site-sidebar-layout":"default","site-content-layout":"","ast-site-content-layout":"default","site-content-style":"default","site-sidebar-style":"default","ast-global-header-display":"","ast-banner-title-visibility":"","ast-main-header-display":"","ast-hfb-above-header-display":"","ast-hfb-below-header-display":"","ast-hfb-mobile-header-display":"","site-post-title":"","ast-breadcrumbs-content":"","ast-featured-img":"","footer-sml-layout":"","theme-transparent-header-meta":"","adv-header-id-meta":"","stick-header-meta":"","header-above-stick-meta":"","header-main-stick-meta":"","header-below-stick-meta":"","astra-migrate-meta-layouts":"default","ast-page-background-enabled":"default","ast-page-background-meta":{"desktop":{"background-color":"var(--ast-global-color-5)","background-image":"","background-repeat":"repeat","background-position":"center center","background-size":"auto","background-attachment":"scroll","background-type":"","background-media":"","overlay-type":"","overlay-color":"","overlay-opacity":"","overlay-gradient":""},"tablet":{"background-color":"","background-image":"","background-repeat":"repeat","background-position":"center center","background-size":"auto","background-attachment":"scroll","background-type":"","background-media":"","overlay-type":"","overlay-color":"","overlay-opacity":"","overlay-gradient":""},"mobile":{"background-color":"","background-image":"","background-repeat":"repeat","background-position":"center center","background-size":"auto","background-attachment":"scroll","background-type":"","background-media":"","overlay-type":"","overlay-color":"","overlay-opacity":"","overlay-gradient":""}},"ast-content-background-meta":{"desktop":{"background-color":"var(--ast-global-color-4)","background-image":"","background-repeat":"repeat","background-position":"center center","background-size":"auto","background-attachment":"scroll","background-type":"","background-media":"","overlay-type":"","overlay-color":"","overlay-opacity":"","overlay-gradient":""},"tablet":{"background-color":"var(--ast-global-color-4)","background-image":"","background-repeat":"repeat","background-position":"center center","background-size":"auto","background-attachment":"scroll","background-type":"","background-media":"","overlay-type":"","overlay-color":"","overlay-opacity":"","overlay-gradient":""},"mobile":{"background-color":"var(--ast-global-color-4)","background-image":"","background-repeat":"repeat","background-position":"center center","background-size":"auto","background-attachment":"scroll","background-type":"","background-media":"","overlay-type":"","overlay-color":"","overlay-opacity":"","overlay-gradient":""}},"footnotes":""},"categories":[1],"tags":[],"class_list":["post-302","post","type-post","status-publish","format-standard","has-post-thumbnail","hentry","category-sin-categoria"],"uagb_featured_image_src":{"full":["https:\/\/asemtur.com.co\/wp-content\/uploads\/2025\/01\/precios-transporte.png",990,742,false],"thumbnail":["https:\/\/asemtur.com.co\/wp-content\/uploads\/2025\/01\/precios-transporte-150x150.png",150,150,true],"medium":["https:\/\/asemtur.com.co\/wp-content\/uploads\/2025\/01\/precios-transporte-300x225.png",300,225,true],"medium_large":["https:\/\/asemtur.com.co\/wp-content\/uploads\/2025\/01\/precios-transporte-768x576.png",768,576,true],"large":["https:\/\/asemtur.com.co\/wp-content\/uploads\/2025\/01\/precios-transporte.png",990,742,false],"1536x1536":["https:\/\/asemtur.com.co\/wp-content\/uploads\/2025\/01\/precios-transporte.png",990,742,false],"2048x2048":["https:\/\/asemtur.com.co\/wp-content\/uploads\/2025\/01\/precios-transporte.png",990,742,false]},"uagb_author_info":{"display_name":"admin_asemtur","author_link":"https:\/\/asemtur.com.co\/index.php\/author\/admin_asemtur\/"},"uagb_comment_info":0,"uagb_excerpt":"Nuevos precios para Megab\u00fas, Megacable, buses y taxis A partir del pr\u00f3ximo 16 de enero, los usuarios del sistema de [&hellip;]","_links":{"self":[{"href":"https:\/\/asemtur.com.co\/index.php\/wp-json\/wp\/v2\/posts\/302","targetHints":{"allow":["GET"]}}],"collection":[{"href":"https:\/\/asemtur.com.co\/index.php\/wp-json\/wp\/v2\/posts"}],"about":[{"href":"https:\/\/asemtur.com.co\/index.php\/wp-json\/wp\/v2\/types\/post"}],"author":[{"embeddable":true,"href":"https:\/\/asemtur.com.co\/index.php\/wp-json\/wp\/v2\/users\/1"}],"replies":[{"embeddable":true,"href":"https:\/\/asemtur.com.co\/index.php\/wp-json\/wp\/v2\/comments?post=302"}],"version-history":[{"count":5,"href":"https:\/\/asemtur.com.co\/index.php\/wp-json\/wp\/v2\/posts\/302\/revisions"}],"predecessor-version":[{"id":5564,"href":"https:\/\/asemtur.com.co\/index.php\/wp-json\/wp\/v2\/posts\/302\/revisions\/5564"}],"wp:featuredmedia":[{"embeddable":true,"href":"https:\/\/asemtur.com.co\/index.php\/wp-json\/wp\/v2\/media\/1827"}],"wp:attachment":[{"href":"https:\/\/asemtur.com.co\/index.php\/wp-json\/wp\/v2\/media?parent=302"}],"wp:term":[{"taxonomy":"category","embeddable":true,"href":"https:\/\/asemtur.com.co\/index.php\/wp-json\/wp\/v2\/categories?post=302"},{"taxonomy":"post_tag","embeddable":true,"href":"https:\/\/asemtur.com.co\/index.php\/wp-json\/wp\/v2\/tags?post=302"}],"curies":[{"name":"wp","href":"https:\/\/api.w.org\/{rel}","templated":true}]}}